{"id":2188,"date":"2021-03-08T08:31:12","date_gmt":"2021-03-08T08:31:12","guid":{"rendered":"https:\/\/institutodym.es\/?p=2188"},"modified":"2021-04-05T15:57:47","modified_gmt":"2021-04-05T15:57:47","slug":"8m-la-igualdad-de-genero-a-nivel-mundial","status":"publish","type":"post","link":"https:\/\/institutodym.es\/es\/8m-la-igualdad-de-genero-a-nivel-mundial\/","title":{"rendered":"8M: La igualdad de g\u00e9nero a nivel mundial"},"content":{"rendered":"<p style=\"background-color:#c789dd;color:#ffffff\" class=\"has-text-color has-background has-text-align-center\">Desde&nbsp;<strong>DYM \u2013 Market Research<\/strong>&nbsp;ponemos a vuestra disposici\u00f3n las principales conclusiones de nuestro \u00faltimo estudio internacional, realizado en colaboraci\u00f3n con&nbsp;<strong><a href=\"http:\/\/www.winmr.com\/\">WIN International<\/a><\/strong>,  que explora las opiniones y creencias de 29.252 personas de 34 pa\u00edses de todo el mundo, sobre  las <em>creencias y opiniones sobre la igualdad de g\u00e9nero en diferentes \u00e1mbitos, violencia (f\u00edsica y psicol\u00f3gica) y acoso sexual.<\/em><strong> <\/strong> <\/p>\n<p>Esta encuesta muestra un <strong>nivel de mejora reducido<\/strong> en materia de igualdad de g\u00e9nero respecto a la encuesta realizada en 2019.<br \/>&#8211; En un a\u00f1o en el que la gente se ha visto obligada a pasar m\u00e1s tiempo en casa, y en el que la posibilidad de desplazarse y llevar una vida \u00abnormal\u00bb se ha visto muy restringida, el nivel de violencia y acoso sexual que ya sufr\u00edan muchas mujeres en a\u00f1os anteriores se ha visto tambi\u00e9n afectado.  <br \/>&#8211; La <strong>violencia dom\u00e9stica podr\u00eda haber aumentado debido a las medidas de seguridad puestas en marcha durante la pandemia<\/strong>. Adem\u00e1s, hay que preguntarse sobre si las restricciones han tenido repercusiones en la igualdad de g\u00e9nero. Esta investigaci\u00f3n pretende hacer un seguimiento de los datos globales sobre violencia e igualdad, y detectar los cambios respecto a a\u00f1os anteriores. <\/p>\n<div class=\"wp-block-image\">\n<figure class=\"aligncenter size-large is-resized\"><img loading=\"lazy\" src=\"https:\/\/institutodym.es\/wp-content\/uploads\/2021\/03\/Copia-de-INFOGRAF\u00cdAS-BAR\u00d3METROS-791x1024.png\" alt=\"\" class=\"wp-image-2219\" width=\"525\" height=\"679\" srcset=\"https:\/\/institutodym.es\/wp-content\/uploads\/2021\/03\/Copia-de-INFOGRAF\u00cdAS-BAR\u00d3METROS-791x1024.png 791w, https:\/\/institutodym.es\/wp-content\/uploads\/2021\/03\/Copia-de-INFOGRAF\u00cdAS-BAR\u00d3METROS-232x300.png 232w, https:\/\/institutodym.es\/wp-content\/uploads\/2021\/03\/Copia-de-INFOGRAF\u00cdAS-BAR\u00d3METROS-768x994.png 768w, https:\/\/institutodym.es\/wp-content\/uploads\/2021\/03\/Copia-de-INFOGRAF\u00cdAS-BAR\u00d3METROS-1187x1536.png 1187w, https:\/\/institutodym.es\/wp-content\/uploads\/2021\/03\/Copia-de-INFOGRAF\u00cdAS-BAR\u00d3METROS.png 1545w\" sizes=\"(max-width: 525px) 100vw, 525px\" \/><\/figure>\n<\/div>\n<p><strong><span style=\"text-decoration: underline;\">IGUALDAD DE G\u00c9NERO:<\/span><\/strong><br \/>&#8211; Al igual que en anteriores mediciones, <strong>la igualdad de g\u00e9nero se percibe m\u00e1s en el <em>hogar<\/em> <\/strong>que en otros \u00e1mbitos, confirmando los resultados de 2019 (del 72% al 71%). El hogar se convirti\u00f3 en el centro de nuestra vida en 2020, y los datos apoyan la idea de que la igualdad se percibe m\u00e1s en el lugar donde pasamos la mayor parte de nuestro tiempo. <br \/>&#8211;  El segundo lugar donde los individuos pasan m\u00e1s tiempo es en el <strong><em>trabajo<\/em><\/strong>. A nivel global, el <strong>60%<\/strong> de los encuestados considera que la igualdad de g\u00e9nero en el trabajo est\u00e1 <strong>definitivamente o en cierta medida conseguida<\/strong>, pero la proporci\u00f3n de hombres que lo cree es mayor que la de mujeres (65% frente a 55% respectivamente). <br \/>&#8211; La <strong>percepci\u00f3n de la igualdad de g\u00e9nero en la <em>pol\u00edtica<\/em> sigue siendo muy baja<\/strong>, siendo el sector en el que hombres y mujeres siguen luchando por ser tratados por igual. Adem\u00e1s, la percepci\u00f3n var\u00eda mucho entre hombres y mujeres una vez m\u00e1s: el 56% de los hombres y el 47% de las mujeres creen que la igualdad de g\u00e9nero en la pol\u00edtica se ha alcanzado en su pa\u00eds. <br \/><strong><span style=\"text-decoration: underline;\">VIOLENCIA DE G\u00c9NERO:<\/span><\/strong><br \/>&#8211; En comparaci\u00f3n con los a\u00f1os anteriores, <strong>hay poca o ninguna mejora en cuanto a la violencia sufrida por las mujeres<\/strong>: los resultados son desafortunadamente estables (17% en 2020, 16% en 2019 y 2018).  <br \/><strong><span style=\"text-decoration: underline;\">ACOSO SEXUAL:<\/span><\/strong><br \/>&#8211; A pesar de los esfuerzos y las campa\u00f1as en todo el mundo, los resultados muestran <strong>pocas mejoras<\/strong>: el 8% de las mujeres sufrieron acoso sexual en el \u00faltimo a\u00f1o (2020), frente al 9% en 2019 y el 10% en 2018. En relaci\u00f3n con otras regiones, las mujeres de Am\u00e9rica declaran haber sufrido acoso sexual en mayor medida, aunque ha bajado 4 puntos respecto al a\u00f1o pasado (del 20% al 16%). <\/p>\n<p style=\"color:#c789dd;font-size:12px\" class=\"has-text-color has-text-align-center\">________________________________________________________________________________________________________________________________________________________________________________________________ <\/p>\n<p style=\"color:#c24aee;font-size:12px\" class=\"has-text-color\"><em>Si quieres saber m\u00e1s puedes encontrar toda la informaci\u00f3n publicada en nuestras redes sociales&nbsp;<a href=\"https:\/\/twitter.com\/DYMinstituto\">@DYMInstituto<\/a>&nbsp;o en los diferentes medios que han cubierto la noticia:<\/em> <br \/><strong>&#8211; WIN (Worldwide Independent Network Market Research &amp; Opinion Poll):  <\/strong><br \/><span style=\"text-decoration: underline;\"><a href=\"https:\/\/winmr.com\/annual-survey-shows-low-level-of-improvements-in-gender-equality\/\">ANNUAL SURVEY SHOWS LOW LEVEL OF IMPROVEMENTS IN GENDER EQUALITY<\/a> <\/span><br \/><strong> &#8211; 20 Minutos:<\/strong> <span style=\"text-decoration: underline;\"><a href=\"https:\/\/www.20minutos.es\/noticia\/4609446\/0\/encuesta-dym-mujeres-percibe-igualdad-trabajo-hogar\/\">Solo el 45% de las mujeres cree que se ha llegado a la igualdad de g\u00e9nero en casa<\/a><\/span>; <span style=\"text-decoration: underline;\">El <a href=\"https:\/\/www.20minutos.es\/noticia\/4609733\/0\/22-estudiantes-vivido-tipo-acoso-sexual-ano\/\">22% de las estudiantes aseguran haber vivido alg\u00fan tipo de acoso sexual en el \u00faltimo a\u00f1o<\/a>; <a href=\"https:\/\/www.20minutos.es\/noticia\/4609732\/0\/siete-mujer-violencia-fisica-ano-ultimo\/\">El 7% de las mujeres espa\u00f1olas sufri\u00f3 violencia f\u00edsica o psicol\u00f3gica en 2020<\/a>; <\/span><br \/><strong>&#8211; La Informaci\u00f3n:<\/strong> <span style=\"text-decoration: underline;\"><a href=\"https:\/\/www.lainformacion.com\/espana\/8m-sondeo-dym-violencia-mujeres-acoso-sexual\/2831556\/\">La violencia contra las mujeres cae en Espa\u00f1a y repunta en Alemania o Itali<\/a>a; <\/span><br \/><strong>&#8211; Heraldo:<\/strong>  <span style=\"text-decoration: underline;\"><a href=\"https:\/\/www.heraldo.es\/noticias\/nacional\/2021\/03\/08\/la-pandemia-frena-la-mejora-de-los-niveles-en-materia-de-igualdad-de-la-mujer-1475993.html\">La pandemia frena la mejora de los niveles en materia de igualdad de la mujer<\/a>;<\/span><br \/><strong>&#8211; Diario de Navarra:<\/strong> <a href=\"https:\/\/www.diariodenavarra.es\/noticias\/actualidad\/nacional\/2021\/03\/08\/las-jovenes-espanolas-revelan-que-crece-acoso-violencia-sexual-719496-1031.html\"><span style=\"text-decoration: underline;\">Las j\u00f3venes espa\u00f1olas revelan que crece el acoso y la violencia sexual<\/span><\/a>; <br \/><strong>&#8211; Radios Huesca:<\/strong> <span style=\"text-decoration: underline;\"><a href=\"https:\/\/www.radiohuesca.com\/sociedad\/el-22-de-las-estudiantes-aseguran-haber-sufrido-acoso-sexual-08032021-151548-html\">El 22% de las estudiantes aseguran haber sufrido acoso sexual<\/a><\/span>; <span style=\"text-decoration: underline;\"><a href=\"https:\/\/www.radiohuesca.com\/sociedad\/la-pandemia-frena-la-mejora-de-los-niveles-en-materia-de-igualdad-de-la-mujer-08032021-151547-html\">La pandemia frena la mejora de los niveles en materia de igualdad de la mujer<\/a>; <\/span><\/p>\n<p style=\"font-size:11px\" class=\"has-background has-very-light-gray-background-color\"><em><strong>FICHA T\u00c9CNICA:<\/strong> <\/em> <br \/><strong>Tama\u00f1o de la muestra y modo de trabajo de campo<\/strong>: se entrevist\u00f3 a un total de 29,252 personas en todo el mundo. El trabajo de campo se llev\u00f3 a cabo entre octubre y diciembre de 2020. El margen de error de la encuesta se sit\u00faa entre 2,5-4,4 para un nivel de confianza del 95%.<br \/><strong>En Espa\u00f1a el trabajo de campo ha sido realizado por Instituto DYM, miembro y responsable en Espa\u00f1a de la red WIN<\/strong>. Se llevaron a cabo 1.006 entrevistas online entre el 22 y el 23 de octubre de 2020. <\/p><\/p>\n","protected":false},"excerpt":{"rendered":"<p>Desde&nbsp;DYM \u2013 Market Research&nbsp;ponemos a vuestra disposici\u00f3n las principales conclusiones de nuestro \u00faltimo estudio internacional, realizado en colaboraci\u00f3n con&nbsp;WIN International, que explora las opiniones y creencias de 29.252 personas de 34 pa\u00edses de todo el mundo, sobre las creencias y opiniones sobre la igualdad de g\u00e9nero en diferentes \u00e1mbitos, violencia (f\u00edsica y psicol\u00f3gica) y acoso [&hellip;]<\/p>\n","protected":false},"author":2,"featured_media":2192,"comment_status":"open","ping_status":"open","sticky":false,"template":"","format":"standard","meta":{"_monsterinsights_skip_tracking":false,"_monsterinsights_sitenote_active":false,"_monsterinsights_sitenote_note":"","_monsterinsights_sitenote_category":0},"categories":[3,4,1],"tags":[],"yoast_head":"<!-- This site is optimized with the Yoast SEO plugin v17.8 - https:\/\/yoast.com\/wordpress\/plugins\/seo\/ -->\n<meta name=\"robots\" content=\"index, follow, max-snippet:-1, max-image-preview:large, max-video-preview:-1\" \/>\n<link rel=\"canonical\" href=\"https:\/\/institutodym.es\/es\/8m-la-igualdad-de-genero-a-nivel-mundial\/\" \/>\n<meta property=\"og:locale\" content=\"es_ES\" \/>\n<meta property=\"og:type\" content=\"article\" \/>\n<meta property=\"og:title\" content=\"8M: La igualdad de g\u00e9nero a nivel mundial - DYM - Market Research\" \/>\n<meta property=\"og:description\" content=\"Desde&nbsp;DYM \u2013 Market Research&nbsp;ponemos a vuestra disposici\u00f3n las principales conclusiones de nuestro \u00faltimo estudio internacional, realizado en colaboraci\u00f3n con&nbsp;WIN International, que explora las opiniones y creencias de 29.252 personas de 34 pa\u00edses de todo el mundo, sobre las creencias y opiniones sobre la igualdad de g\u00e9nero en diferentes \u00e1mbitos, violencia (f\u00edsica y psicol\u00f3gica) y acoso [&hellip;]\" \/>\n<meta property=\"og:url\" content=\"https:\/\/institutodym.es\/es\/8m-la-igualdad-de-genero-a-nivel-mundial\/\" \/>\n<meta property=\"og:site_name\" content=\"DYM - Market Research\" \/>\n<meta property=\"article:published_time\" content=\"2021-03-08T08:31:12+00:00\" \/>\n<meta property=\"article:modified_time\" content=\"2021-04-05T15:57:47+00:00\" \/>\n<meta property=\"og:image\" content=\"https:\/\/institutodym.es\/wp-content\/uploads\/2021\/03\/G\u00e9nero_8.3.2021.png\" \/>\n\t<meta property=\"og:image:width\" content=\"806\" \/>\n\t<meta property=\"og:image:height\" content=\"606\" \/>\n<meta name=\"twitter:card\" content=\"summary_large_image\" \/>\n<meta name=\"twitter:label1\" content=\"Escrito por\" \/>\n\t<meta name=\"twitter:data1\" content=\"estefania\" \/>\n\t<meta name=\"twitter:label2\" content=\"Tiempo de lectura\" \/>\n\t<meta name=\"twitter:data2\" content=\"4 minutos\" \/>\n<script type=\"application\/ld+json\" class=\"yoast-schema-graph\">{\"@context\":\"https:\/\/schema.org\",\"@graph\":[{\"@type\":\"WebSite\",\"@id\":\"https:\/\/institutodym.es\/#website\",\"url\":\"https:\/\/institutodym.es\/\",\"name\":\"DYM - Market Research\",\"description\":\"\",\"potentialAction\":[{\"@type\":\"SearchAction\",\"target\":{\"@type\":\"EntryPoint\",\"urlTemplate\":\"https:\/\/institutodym.es\/?s={search_term_string}\"},\"query-input\":\"required name=search_term_string\"}],\"inLanguage\":\"es\"},{\"@type\":\"ImageObject\",\"@id\":\"https:\/\/institutodym.es\/es\/8m-la-igualdad-de-genero-a-nivel-mundial\/#primaryimage\",\"inLanguage\":\"es\",\"url\":\"https:\/\/institutodym.es\/wp-content\/uploads\/2021\/03\/G\\u00e9nero_8.3.2021.png\",\"contentUrl\":\"https:\/\/institutodym.es\/wp-content\/uploads\/2021\/03\/G\\u00e9nero_8.3.2021.png\",\"width\":806,\"height\":606},{\"@type\":\"WebPage\",\"@id\":\"https:\/\/institutodym.es\/es\/8m-la-igualdad-de-genero-a-nivel-mundial\/#webpage\",\"url\":\"https:\/\/institutodym.es\/es\/8m-la-igualdad-de-genero-a-nivel-mundial\/\",\"name\":\"8M: La igualdad de g\\u00e9nero a nivel mundial - DYM - Market Research\",\"isPartOf\":{\"@id\":\"https:\/\/institutodym.es\/#website\"},\"primaryImageOfPage\":{\"@id\":\"https:\/\/institutodym.es\/es\/8m-la-igualdad-de-genero-a-nivel-mundial\/#primaryimage\"},\"datePublished\":\"2021-03-08T08:31:12+00:00\",\"dateModified\":\"2021-04-05T15:57:47+00:00\",\"author\":{\"@id\":\"https:\/\/institutodym.es\/#\/schema\/person\/80f28e4590287f340ad75a37b2509b8a\"},\"breadcrumb\":{\"@id\":\"https:\/\/institutodym.es\/es\/8m-la-igualdad-de-genero-a-nivel-mundial\/#breadcrumb\"},\"inLanguage\":\"es\",\"potentialAction\":[{\"@type\":\"ReadAction\",\"target\":[\"https:\/\/institutodym.es\/es\/8m-la-igualdad-de-genero-a-nivel-mundial\/\"]}]},{\"@type\":\"BreadcrumbList\",\"@id\":\"https:\/\/institutodym.es\/es\/8m-la-igualdad-de-genero-a-nivel-mundial\/#breadcrumb\",\"itemListElement\":[{\"@type\":\"ListItem\",\"position\":1,\"name\":\"Portada\",\"item\":\"https:\/\/institutodym.es\/es\/\"},{\"@type\":\"ListItem\",\"position\":2,\"name\":\"8M: La igualdad de g\\u00e9nero a nivel mundial\"}]},{\"@type\":\"Person\",\"@id\":\"https:\/\/institutodym.es\/#\/schema\/person\/80f28e4590287f340ad75a37b2509b8a\",\"name\":\"estefania\",\"image\":{\"@type\":\"ImageObject\",\"@id\":\"https:\/\/institutodym.es\/#personlogo\",\"inLanguage\":\"es\",\"url\":\"https:\/\/secure.gravatar.com\/avatar\/f61a5f1d4ed54db4b4439d8176a3ef1d?s=96&d=mm&r=g\",\"contentUrl\":\"https:\/\/secure.gravatar.com\/avatar\/f61a5f1d4ed54db4b4439d8176a3ef1d?s=96&d=mm&r=g\",\"caption\":\"estefania\"},\"url\":\"https:\/\/institutodym.es\/es\/author\/dym\/\"}]}<\/script>\n<!-- \/ Yoast SEO plugin. -->","yoast_head_json":{"robots":{"index":"index","follow":"follow","max-snippet":"max-snippet:-1","max-image-preview":"max-image-preview:large","max-video-preview":"max-video-preview:-1"},"canonical":"https:\/\/institutodym.es\/es\/8m-la-igualdad-de-genero-a-nivel-mundial\/","og_locale":"es_ES","og_type":"article","og_title":"8M: La igualdad de g\u00e9nero a nivel mundial - DYM - Market Research","og_description":"Desde&nbsp;DYM \u2013 Market Research&nbsp;ponemos a vuestra disposici\u00f3n las principales conclusiones de nuestro \u00faltimo estudio internacional, realizado en colaboraci\u00f3n con&nbsp;WIN International, que explora las opiniones y creencias de 29.252 personas de 34 pa\u00edses de todo el mundo, sobre las creencias y opiniones sobre la igualdad de g\u00e9nero en diferentes \u00e1mbitos, violencia (f\u00edsica y psicol\u00f3gica) y acoso [&hellip;]","og_url":"https:\/\/institutodym.es\/es\/8m-la-igualdad-de-genero-a-nivel-mundial\/","og_site_name":"DYM - Market Research","article_published_time":"2021-03-08T08:31:12+00:00","article_modified_time":"2021-04-05T15:57:47+00:00","og_image":[{"width":806,"height":606,"url":"https:\/\/institutodym.es\/wp-content\/uploads\/2021\/03\/G\u00e9nero_8.3.2021.png","type":"image\/png"}],"twitter_card":"summary_large_image","twitter_misc":{"Escrito por":"estefania","Tiempo de lectura":"4 minutos"},"schema":{"@context":"https:\/\/schema.org","@graph":[{"@type":"WebSite","@id":"https:\/\/institutodym.es\/#website","url":"https:\/\/institutodym.es\/","name":"DYM - Market Research","description":"","potentialAction":[{"@type":"SearchAction","target":{"@type":"EntryPoint","urlTemplate":"https:\/\/institutodym.es\/?s={search_term_string}"},"query-input":"required name=search_term_string"}],"inLanguage":"es"},{"@type":"ImageObject","@id":"https:\/\/institutodym.es\/es\/8m-la-igualdad-de-genero-a-nivel-mundial\/#primaryimage","inLanguage":"es","url":"https:\/\/institutodym.es\/wp-content\/uploads\/2021\/03\/G\u00e9nero_8.3.2021.png","contentUrl":"https:\/\/institutodym.es\/wp-content\/uploads\/2021\/03\/G\u00e9nero_8.3.2021.png","width":806,"height":606},{"@type":"WebPage","@id":"https:\/\/institutodym.es\/es\/8m-la-igualdad-de-genero-a-nivel-mundial\/#webpage","url":"https:\/\/institutodym.es\/es\/8m-la-igualdad-de-genero-a-nivel-mundial\/","name":"8M: La igualdad de g\u00e9nero a nivel mundial - DYM - Market Research","isPartOf":{"@id":"https:\/\/institutodym.es\/#website"},"primaryImageOfPage":{"@id":"https:\/\/institutodym.es\/es\/8m-la-igualdad-de-genero-a-nivel-mundial\/#primaryimage"},"datePublished":"2021-03-08T08:31:12+00:00","dateModified":"2021-04-05T15:57:47+00:00","author":{"@id":"https:\/\/institutodym.es\/#\/schema\/person\/80f28e4590287f340ad75a37b2509b8a"},"breadcrumb":{"@id":"https:\/\/institutodym.es\/es\/8m-la-igualdad-de-genero-a-nivel-mundial\/#breadcrumb"},"inLanguage":"es","potentialAction":[{"@type":"ReadAction","target":["https:\/\/institutodym.es\/es\/8m-la-igualdad-de-genero-a-nivel-mundial\/"]}]},{"@type":"BreadcrumbList","@id":"https:\/\/institutodym.es\/es\/8m-la-igualdad-de-genero-a-nivel-mundial\/#breadcrumb","itemListElement":[{"@type":"ListItem","position":1,"name":"Portada","item":"https:\/\/institutodym.es\/es\/"},{"@type":"ListItem","position":2,"name":"8M: La igualdad de g\u00e9nero a nivel mundial"}]},{"@type":"Person","@id":"https:\/\/institutodym.es\/#\/schema\/person\/80f28e4590287f340ad75a37b2509b8a","name":"estefania","image":{"@type":"ImageObject","@id":"https:\/\/institutodym.es\/#personlogo","inLanguage":"es","url":"https:\/\/secure.gravatar.com\/avatar\/f61a5f1d4ed54db4b4439d8176a3ef1d?s=96&d=mm&r=g","contentUrl":"https:\/\/secure.gravatar.com\/avatar\/f61a5f1d4ed54db4b4439d8176a3ef1d?s=96&d=mm&r=g","caption":"estefania"},"url":"https:\/\/institutodym.es\/es\/author\/dym\/"}]}},"_links":{"self":[{"href":"https:\/\/institutodym.es\/es\/wp-json\/wp\/v2\/posts\/2188"}],"collection":[{"href":"https:\/\/institutodym.es\/es\/wp-json\/wp\/v2\/posts"}],"about":[{"href":"https:\/\/institutodym.es\/es\/wp-json\/wp\/v2\/types\/post"}],"author":[{"embeddable":true,"href":"https:\/\/institutodym.es\/es\/wp-json\/wp\/v2\/users\/2"}],"replies":[{"embeddable":true,"href":"https:\/\/institutodym.es\/es\/wp-json\/wp\/v2\/comments?post=2188"}],"version-history":[{"count":28,"href":"https:\/\/institutodym.es\/es\/wp-json\/wp\/v2\/posts\/2188\/revisions"}],"predecessor-version":[{"id":2259,"href":"https:\/\/institutodym.es\/es\/wp-json\/wp\/v2\/posts\/2188\/revisions\/2259"}],"wp:featuredmedia":[{"embeddable":true,"href":"https:\/\/institutodym.es\/es\/wp-json\/wp\/v2\/media\/2192"}],"wp:attachment":[{"href":"https:\/\/institutodym.es\/es\/wp-json\/wp\/v2\/media?parent=2188"}],"wp:term":[{"taxonomy":"category","embeddable":true,"href":"https:\/\/institutodym.es\/es\/wp-json\/wp\/v2\/categories?post=2188"},{"taxonomy":"post_tag","embeddable":true,"href":"https:\/\/institutodym.es\/es\/wp-json\/wp\/v2\/tags?post=2188"}],"curies":[{"name":"wp","href":"https:\/\/api.w.org\/{rel}","templated":true}]}}