{"id":3814,"date":"2026-01-08T08:46:35","date_gmt":"2026-01-08T08:46:35","guid":{"rendered":"https:\/\/institutodym.es\/?p=3814"},"modified":"2026-01-08T08:46:58","modified_gmt":"2026-01-08T08:46:58","slug":"mas-de-la-mitad-de-los-extremenos-esta-a-favor-de-ampliar-la-vida-util-de-la-central-nuclear-de-almaraz","status":"publish","type":"post","link":"https:\/\/institutodym.es\/es\/mas-de-la-mitad-de-los-extremenos-esta-a-favor-de-ampliar-la-vida-util-de-la-central-nuclear-de-almaraz\/","title":{"rendered":"M\u00e1s de la mitad de los extreme\u00f1os est\u00e1 a favor de ampliar la vida \u00fatil de la central nuclear de Almaraz"},"content":{"rendered":"<figure class=\"wp-block-image size-large\"><img loading=\"lazy\" width=\"1024\" height=\"576\" src=\"https:\/\/institutodym.es\/wp-content\/uploads\/2026\/01\/693c0c08739706-86237633-1-1024x576.webp\" alt=\"\" class=\"wp-image-3818\" srcset=\"https:\/\/institutodym.es\/wp-content\/uploads\/2026\/01\/693c0c08739706-86237633-1-1024x576.webp 1024w, https:\/\/institutodym.es\/wp-content\/uploads\/2026\/01\/693c0c08739706-86237633-1-300x169.webp 300w, https:\/\/institutodym.es\/wp-content\/uploads\/2026\/01\/693c0c08739706-86237633-1-768x432.webp 768w, https:\/\/institutodym.es\/wp-content\/uploads\/2026\/01\/693c0c08739706-86237633-1.webp 1280w\" sizes=\"(max-width: 1024px) 100vw, 1024px\" \/><\/figure>\n<p>La\u00a0<strong>mayor\u00eda de los extreme\u00f1os, un 55,7%<\/strong>, est\u00e1 a favor de que se ampl\u00ede la vida \u00fatil de la<strong>\u00a0central nuclear de Almaraz,<\/strong>\u00a0de la que en estos momentos\u00a0<a href=\"https:\/\/www.20minutos.es\/nacional\/iberdrola-endesa-naturgy-formalizaran-este-jueves-peticion-gobierno-para-prorroga-central-almaraz-hasta-2030_6662422_0.html\">se est\u00e1 estudiando una pr\u00f3rroga<\/a>\u00a0hasta 2030 para evitar que, en caso contrario, cierre sus dos reactores entre 2027 y 2028. Por otro lado,\u00a0<strong>una cuarta parte de los habitantes de Extremadura<\/strong>, el 25%, est\u00e1\u00a0<strong>en contra\u00a0<\/strong>y un 19,4% no tiene una opini\u00f3n formada sobre el futuro de unas instalaciones de las que depende en buena medida\u00a0<a href=\"https:\/\/www.20minutos.es\/noticia\/5673792\/0\/unas-7-000-personas-se-manifiestan-hasta-las-puertas-central-nuclear-almaraz-para-reclamar-su-continuidad\/\">la econom\u00eda de la comarca<\/a>\u00a0en la que se encuentra y de la que sale entre el 6,5 y 7% de la electricidad que consume Espa\u00f1a al a\u00f1o.<\/p>\n<p>El apoyo a que Almaraz siga funcionando que refleja la encuesta del Instituto DYM previa a las\u00a0<a href=\"https:\/\/www.20minutos.es\/nacional\/debate-electoral-escenifica-enfrentamiento-entre-pp-vox-no-arroja-luz-sobre-los-pactos-postelectorales_6909599_0.html\">elecciones en Extremadura del 21 de diciembre<\/a>\u00a0es trasversal: est\u00e1n a favor de forma<strong>\u00a0mayoritaria tanto votantes del PP y de Vox<\/strong>\u00a0-entre los que el apoyo es claro, un 86,3% y un 77,5%- como de\u00a0<strong>votantes del PSOE<\/strong>, aunque de manera m\u00e1s ajustada. El 42,9% de los simpatizantes socialistas apoyan la prolongaci\u00f3n de la vida \u00fatil de la central y el 37,8% la rechaza.\u00a0<\/p>\n<p>Las tornas se invierten en el caso de los votantes de la marca de Podemos electoral en esta regi\u00f3n,<strong>&nbsp;Unidas por Extremadura,&nbsp;<\/strong>mayoritariamente contrarios a que Almaraz siga funcionando m\u00e1s all\u00e1 de 2028. As\u00ed se posiciona el 67,3% de sus electores en 2023, mientras que el 26,5% s\u00ed est\u00e1 a favor de la pr\u00f3rroga.<\/p>\n<p>En t\u00e9rminos m\u00e1s generales, el alargamiento de la vida \u00fatil de Almaraz es algo que apoyan en mayor medida los&nbsp;<strong>votantes que se consideran de centro (63%), de centro derecha (76,9) y de derechas<\/strong>&nbsp;(73,6%). Entre quienes se definen de izquierdas y de centro izquierda el apoyo es menor (31,4% y 40,5%, respectivamente) y el rechazo roza casi el 50% (47,5% entre votantes de izquierda y 42,6% entre los de centro izquierda).&nbsp;<\/p>\n<h2>Minas de litio<\/h2>\n<p>Tambi\u00e9n en el \u00e1mbito energ\u00e9tico, los extreme\u00f1os se muestran\u00a0<strong>m\u00e1s divididos\u00a0<\/strong>acerca de si deben\u00a0<strong>abrirse o no minas de litio\u00a0<\/strong>en su comunidad, uno de los territorios de la UE que han sido se\u00f1alados por\u00a0<a href=\"https:\/\/www.20minutos.es\/noticia\/5694313\/0\/siete-lugares-elegidos-ue-para-extraer-materiales-criticos-espana\/\">la Comisi\u00f3n Europea por sus reservas<\/a>\u00a0de minerales cr\u00edticos como este, indispensables para la fabricaci\u00f3n de dispositivos necesarios para la transici\u00f3n ecol\u00f3gica y tambi\u00e9n empleados en seguridad nacional.\u00a0<\/p>\n<p>En este caso,<strong>\u00a0el 40,2% se manifiesta a favor, el 33,5% en contra\u00a0<\/strong>y el 26,3% se acoge a la opci\u00f3n de no sabe\/no contesta sobre algo que en los \u00faltimos meses ha provocado idas y venidas entre la compa\u00f1\u00eda minera australiana Infinity Lithium -que despu\u00e9s se cambi\u00f3 el nombre a Infinity Metals- y la Junta de Extremadura por los\u00a0<strong>permisos para reabrir una mina en C\u00e1ceres.<\/strong><\/p>\n<p>Por afinidad pol\u00edtica, la&nbsp;<strong>mayor\u00eda de los votantes del PP<\/strong>&nbsp;(67,2%)<strong>&nbsp;y de Vox<\/strong>&nbsp;(59,3%) est\u00e1 a favor de que Extremadura extraiga litio de sus minas. El apoyo&nbsp;<strong>cae entre los votantes del PSOE<\/strong>&nbsp;(31,2%) y de Unidas por Extremadura (21,3%), hasta el punto de que la opci\u00f3n mayoritaria en ambos colectivos es que no se abran minas de litio.<\/p>\n<p>El apoyo a la extracci\u00f3n es mayor entre quienes dicen ser de centro derecha (56,4%) y de derechas (54,2%) pero,&nbsp;<strong>a diferencia de la central nuclear de Almaraz, esta posibilidad pierde a los votantes de centro,<\/strong>&nbsp;que con un 40% ya no son la mayor\u00eda, aunque s\u00ed m\u00e1s que el 31,2% que est\u00e1 en contra y el 28,8% de los que no saben.&nbsp;<\/p>\n<p>Al otro lado del espectro, solo el 21,9% de los votantes de izquierda est\u00e1 a favor de buscar litio en las minas extreme\u00f1as y un 49,9% est\u00e1 en contra, aunque con un<strong>\u00a0alto grado tambi\u00e9n de duda<\/strong>, el 28,7%, como ocurre en general con esta cuesti\u00f3n. En el centro izquierda, el 35,5% apoya, el 39,4% rechaza y el 25,2% no sabe, no contesta.<\/p>\n<\/p>\n<h2 id=\"block-2711639b-f33a-4abd-8314-eac0bd318356\">FICHA T\u00c9CNICA<\/h2>\n<ul id=\"block-46de2315-54e4-476e-a610-b697c07abeb1\">\n<li>Muestra y metodolog\u00eda: 706 entrevistas online aleatorias, aplicando cuotas espec\u00edficas por sexo, edad y ocupaci\u00f3n. Error: el margen de error total es de un +\/- 3,1% para un nivel de confianza del 95,5% en la hip\u00f3tesis m\u00e1s desfavorable. Target: Poblaci\u00f3n con 18 a\u00f1os o m\u00e1s. Trabajo de campo: realizado entre los d\u00edas 4 y 10 de diciembre de 2025.<\/li>\n<\/ul>\n<ul class=\"wp-block-social-links has-large-icon-size\">\n<li class=\"wp-social-link wp-social-link-instagram wp-block-social-link\"><a href=\"https:\/\/www.instagram.com\/institutodym\/\" aria-label=\"Instagram: https:\/\/www.instagram.com\/institutodym\/\"  class=\"wp-block-social-link-anchor\"> <svg width=\"24\" height=\"24\" viewBox=\"0 0 24 24\" version=\"1.1\" xmlns=\"http:\/\/www.w3.org\/2000\/svg\" role=\"img\" aria-hidden=\"true\" focusable=\"false\"><path d=\"M12,4.622c2.403,0,2.688,0.009,3.637,0.052c0.877,0.04,1.354,0.187,1.671,0.31c0.42,0.163,0.72,0.358,1.035,0.673 c0.315,0.315,0.51,0.615,0.673,1.035c0.123,0.317,0.27,0.794,0.31,1.671c0.043,0.949,0.052,1.234,0.052,3.637 s-0.009,2.688-0.052,3.637c-0.04,0.877-0.187,1.354-0.31,1.671c-0.163,0.42-0.358,0.72-0.673,1.035 c-0.315,0.315-0.615,0.51-1.035,0.673c-0.317,0.123-0.794,0.27-1.671,0.31c-0.949,0.043-1.233,0.052-3.637,0.052 s-2.688-0.009-3.637-0.052c-0.877-0.04-1.354-0.187-1.671-0.31c-0.42-0.163-0.72-0.358-1.035-0.673 c-0.315-0.315-0.51-0.615-0.673-1.035c-0.123-0.317-0.27-0.794-0.31-1.671C4.631,14.688,4.622,14.403,4.622,12 s0.009-2.688,0.052-3.637c0.04-0.877,0.187-1.354,0.31-1.671c0.163-0.42,0.358-0.72,0.673-1.035 c0.315-0.315,0.615-0.51,1.035-0.673c0.317-0.123,0.794-0.27,1.671-0.31C9.312,4.631,9.597,4.622,12,4.622 M12,3 C9.556,3,9.249,3.01,8.289,3.054C7.331,3.098,6.677,3.25,6.105,3.472C5.513,3.702,5.011,4.01,4.511,4.511 c-0.5,0.5-0.808,1.002-1.038,1.594C3.25,6.677,3.098,7.331,3.054,8.289C3.01,9.249,3,9.556,3,12c0,2.444,0.01,2.751,0.054,3.711 c0.044,0.958,0.196,1.612,0.418,2.185c0.23,0.592,0.538,1.094,1.038,1.594c0.5,0.5,1.002,0.808,1.594,1.038 c0.572,0.222,1.227,0.375,2.185,0.418C9.249,20.99,9.556,21,12,21s2.751-0.01,3.711-0.054c0.958-0.044,1.612-0.196,2.185-0.418 c0.592-0.23,1.094-0.538,1.594-1.038c0.5-0.5,0.808-1.002,1.038-1.594c0.222-0.572,0.375-1.227,0.418-2.185 C20.99,14.751,21,14.444,21,12s-0.01-2.751-0.054-3.711c-0.044-0.958-0.196-1.612-0.418-2.185c-0.23-0.592-0.538-1.094-1.038-1.594 c-0.5-0.5-1.002-0.808-1.594-1.038c-0.572-0.222-1.227-0.375-2.185-0.418C14.751,3.01,14.444,3,12,3L12,3z M12,7.378 c-2.552,0-4.622,2.069-4.622,4.622S9.448,16.622,12,16.622s4.622-2.069,4.622-4.622S14.552,7.378,12,7.378z M12,15 c-1.657,0-3-1.343-3-3s1.343-3,3-3s3,1.343,3,3S13.657,15,12,15z M16.804,6.116c-0.596,0-1.08,0.484-1.08,1.08 s0.484,1.08,1.08,1.08c0.596,0,1.08-0.484,1.08-1.08S17.401,6.116,16.804,6.116z\"><\/path><\/svg><\/a><\/li>\n<li class=\"wp-social-link wp-social-link-twitter wp-block-social-link\"><a href=\"https:\/\/x.com\/dyminstituto\" aria-label=\"Twitter: https:\/\/x.com\/dyminstituto\"  class=\"wp-block-social-link-anchor\"> <svg width=\"24\" height=\"24\" viewBox=\"0 0 24 24\" version=\"1.1\" xmlns=\"http:\/\/www.w3.org\/2000\/svg\" role=\"img\" aria-hidden=\"true\" focusable=\"false\"><path d=\"M22.23,5.924c-0.736,0.326-1.527,0.547-2.357,0.646c0.847-0.508,1.498-1.312,1.804-2.27 c-0.793,0.47-1.671,0.812-2.606,0.996C18.324,4.498,17.257,4,16.077,4c-2.266,0-4.103,1.837-4.103,4.103 c0,0.322,0.036,0.635,0.106,0.935C8.67,8.867,5.647,7.234,3.623,4.751C3.27,5.357,3.067,6.062,3.067,6.814 c0,1.424,0.724,2.679,1.825,3.415c-0.673-0.021-1.305-0.206-1.859-0.513c0,0.017,0,0.034,0,0.052c0,1.988,1.414,3.647,3.292,4.023 c-0.344,0.094-0.707,0.144-1.081,0.144c-0.264,0-0.521-0.026-0.772-0.074c0.522,1.63,2.038,2.816,3.833,2.85 c-1.404,1.1-3.174,1.756-5.096,1.756c-0.331,0-0.658-0.019-0.979-0.057c1.816,1.164,3.973,1.843,6.29,1.843 c7.547,0,11.675-6.252,11.675-11.675c0-0.178-0.004-0.355-0.012-0.531C20.985,7.47,21.68,6.747,22.23,5.924z\"><\/path><\/svg><\/a><\/li>\n<li class=\"wp-social-link wp-social-link-facebook wp-block-social-link\"><a href=\"https:\/\/www.facebook.com\/DYMMARKETR\/?locale=es_LA\" aria-label=\"Facebook: https:\/\/www.facebook.com\/DYMMARKETR\/?locale=es_LA\"  class=\"wp-block-social-link-anchor\"> <svg width=\"24\" height=\"24\" viewBox=\"0 0 24 24\" version=\"1.1\" xmlns=\"http:\/\/www.w3.org\/2000\/svg\" role=\"img\" aria-hidden=\"true\" focusable=\"false\"><path d=\"M12 2C6.5 2 2 6.5 2 12c0 5 3.7 9.1 8.4 9.9v-7H7.9V12h2.5V9.8c0-2.5 1.5-3.9 3.8-3.9 1.1 0 2.2.2 2.2.2v2.5h-1.3c-1.2 0-1.6.8-1.6 1.6V12h2.8l-.4 2.9h-2.3v7C18.3 21.1 22 17 22 12c0-5.5-4.5-10-10-10z\"><\/path><\/svg><\/a><\/li>\n<li class=\"wp-social-link wp-social-link-linkedin wp-block-social-link\"><a href=\"https:\/\/es.linkedin.com\/company\/instituto-dym\" aria-label=\"LinkedIn: https:\/\/es.linkedin.com\/company\/instituto-dym\"  class=\"wp-block-social-link-anchor\"> <svg width=\"24\" height=\"24\" viewBox=\"0 0 24 24\" version=\"1.1\" xmlns=\"http:\/\/www.w3.org\/2000\/svg\" role=\"img\" aria-hidden=\"true\" focusable=\"false\"><path d=\"M19.7,3H4.3C3.582,3,3,3.582,3,4.3v15.4C3,20.418,3.582,21,4.3,21h15.4c0.718,0,1.3-0.582,1.3-1.3V4.3 C21,3.582,20.418,3,19.7,3z M8.339,18.338H5.667v-8.59h2.672V18.338z M7.004,8.574c-0.857,0-1.549-0.694-1.549-1.548 c0-0.855,0.691-1.548,1.549-1.548c0.854,0,1.547,0.694,1.547,1.548C8.551,7.881,7.858,8.574,7.004,8.574z M18.339,18.338h-2.669 v-4.177c0-0.996-0.017-2.278-1.387-2.278c-1.389,0-1.601,1.086-1.601,2.206v4.249h-2.667v-8.59h2.559v1.174h0.037 c0.356-0.675,1.227-1.387,2.526-1.387c2.703,0,3.203,1.779,3.203,4.092V18.338z\"><\/path><\/svg><\/a><\/li>\n<li class=\"wp-social-link wp-social-link-chain wp-block-social-link\"><a href=\"https:\/\/www.20minutos.es\/nacional\/mas-mitad-los-extremenos-esta-favor-ampliar-vida-util-central-nuclear-almaraz_6909814_0.html\" aria-label=\"Link: https:\/\/www.20minutos.es\/nacional\/mas-mitad-los-extremenos-esta-favor-ampliar-vida-util-central-nuclear-almaraz_6909814_0.html\"  class=\"wp-block-social-link-anchor\"> <svg width=\"24\" height=\"24\" viewBox=\"0 0 24 24\" version=\"1.1\" xmlns=\"http:\/\/www.w3.org\/2000\/svg\" role=\"img\" aria-hidden=\"true\" focusable=\"false\"><path d=\"M19.647,16.706a1.134,1.134,0,0,0-.343-.833l-2.549-2.549a1.134,1.134,0,0,0-.833-.343,1.168,1.168,0,0,0-.883.392l.233.226q.2.189.264.264a2.922,2.922,0,0,1,.184.233.986.986,0,0,1,.159.312,1.242,1.242,0,0,1,.043.337,1.172,1.172,0,0,1-1.176,1.176,1.237,1.237,0,0,1-.337-.043,1,1,0,0,1-.312-.159,2.76,2.76,0,0,1-.233-.184q-.073-.068-.264-.264l-.226-.233a1.19,1.19,0,0,0-.4.895,1.134,1.134,0,0,0,.343.833L15.837,19.3a1.13,1.13,0,0,0,.833.331,1.18,1.18,0,0,0,.833-.318l1.8-1.789a1.12,1.12,0,0,0,.343-.821Zm-8.615-8.64a1.134,1.134,0,0,0-.343-.833L8.163,4.7a1.134,1.134,0,0,0-.833-.343,1.184,1.184,0,0,0-.833.331L4.7,6.473a1.12,1.12,0,0,0-.343.821,1.134,1.134,0,0,0,.343.833l2.549,2.549a1.13,1.13,0,0,0,.833.331,1.184,1.184,0,0,0,.883-.38L8.728,10.4q-.2-.189-.264-.264A2.922,2.922,0,0,1,8.28,9.9a.986.986,0,0,1-.159-.312,1.242,1.242,0,0,1-.043-.337A1.172,1.172,0,0,1,9.254,8.079a1.237,1.237,0,0,1,.337.043,1,1,0,0,1,.312.159,2.761,2.761,0,0,1,.233.184q.073.068.264.264l.226.233a1.19,1.19,0,0,0,.4-.895ZM22,16.706a3.343,3.343,0,0,1-1.042,2.488l-1.8,1.789a3.536,3.536,0,0,1-4.988-.025l-2.525-2.537a3.384,3.384,0,0,1-1.017-2.488,3.448,3.448,0,0,1,1.078-2.561l-1.078-1.078a3.434,3.434,0,0,1-2.549,1.078,3.4,3.4,0,0,1-2.5-1.029L3.029,9.794A3.4,3.4,0,0,1,2,7.294,3.343,3.343,0,0,1,3.042,4.806l1.8-1.789A3.384,3.384,0,0,1,7.331,2a3.357,3.357,0,0,1,2.5,1.042l2.525,2.537a3.384,3.384,0,0,1,1.017,2.488,3.448,3.448,0,0,1-1.078,2.561l1.078,1.078a3.551,3.551,0,0,1,5.049-.049l2.549,2.549A3.4,3.4,0,0,1,22,16.706Z\"><\/path><\/svg><\/a><\/li>\n<\/ul>\n","protected":false},"excerpt":{"rendered":"<p>La\u00a0mayor\u00eda de los extreme\u00f1os, un 55,7%, est\u00e1 a favor de que se ampl\u00ede la vida \u00fatil de la\u00a0central nuclear de Almaraz,\u00a0de la que en estos momentos\u00a0se est\u00e1 estudiando una pr\u00f3rroga\u00a0hasta 2030 para evitar que, en caso contrario, cierre sus dos reactores entre 2027 y 2028. Por otro lado,\u00a0una cuarta parte de los habitantes de Extremadura, [&hellip;]<\/p>\n","protected":false},"author":2,"featured_media":3815,"comment_status":"closed","ping_status":"closed","sticky":false,"template":"","format":"standard","meta":{"_monsterinsights_skip_tracking":false,"_monsterinsights_sitenote_active":false,"_monsterinsights_sitenote_note":"","_monsterinsights_sitenote_category":0},"categories":[3,4],"tags":[],"yoast_head":"<!-- This site is optimized with the Yoast SEO plugin v17.8 - https:\/\/yoast.com\/wordpress\/plugins\/seo\/ -->\n<meta name=\"robots\" content=\"index, follow, max-snippet:-1, max-image-preview:large, max-video-preview:-1\" \/>\n<link rel=\"canonical\" href=\"https:\/\/institutodym.es\/es\/mas-de-la-mitad-de-los-extremenos-esta-a-favor-de-ampliar-la-vida-util-de-la-central-nuclear-de-almaraz\/\" \/>\n<meta property=\"og:locale\" content=\"es_ES\" \/>\n<meta property=\"og:type\" content=\"article\" \/>\n<meta property=\"og:title\" content=\"M\u00e1s de la mitad de los extreme\u00f1os est\u00e1 a favor de ampliar la vida \u00fatil de la central nuclear de Almaraz - DYM - Market Research\" \/>\n<meta property=\"og:description\" content=\"La\u00a0mayor\u00eda de los extreme\u00f1os, un 55,7%, est\u00e1 a favor de que se ampl\u00ede la vida \u00fatil de la\u00a0central nuclear de Almaraz,\u00a0de la que en estos momentos\u00a0se est\u00e1 estudiando una pr\u00f3rroga\u00a0hasta 2030 para evitar que, en caso contrario, cierre sus dos reactores entre 2027 y 2028. Por otro lado,\u00a0una cuarta parte de los habitantes de Extremadura, [&hellip;]\" \/>\n<meta property=\"og:url\" content=\"https:\/\/institutodym.es\/es\/mas-de-la-mitad-de-los-extremenos-esta-a-favor-de-ampliar-la-vida-util-de-la-central-nuclear-de-almaraz\/\" \/>\n<meta property=\"og:site_name\" content=\"DYM - Market Research\" \/>\n<meta property=\"article:published_time\" content=\"2026-01-08T08:46:35+00:00\" \/>\n<meta property=\"article:modified_time\" content=\"2026-01-08T08:46:58+00:00\" \/>\n<meta name=\"twitter:card\" content=\"summary_large_image\" \/>\n<meta name=\"twitter:image\" content=\"https:\/\/institutodym.es\/wp-content\/uploads\/2026\/01\/693c0c08739706-86237633.webp\" \/>\n<meta name=\"twitter:label1\" content=\"Escrito por\" \/>\n\t<meta name=\"twitter:data1\" content=\"estefania\" \/>\n\t<meta name=\"twitter:label2\" content=\"Tiempo de lectura\" \/>\n\t<meta name=\"twitter:data2\" content=\"4 minutos\" \/>\n<script type=\"application\/ld+json\" class=\"yoast-schema-graph\">{\"@context\":\"https:\/\/schema.org\",\"@graph\":[{\"@type\":\"WebSite\",\"@id\":\"https:\/\/institutodym.es\/#website\",\"url\":\"https:\/\/institutodym.es\/\",\"name\":\"DYM - Market Research\",\"description\":\"\",\"potentialAction\":[{\"@type\":\"SearchAction\",\"target\":{\"@type\":\"EntryPoint\",\"urlTemplate\":\"https:\/\/institutodym.es\/?s={search_term_string}\"},\"query-input\":\"required name=search_term_string\"}],\"inLanguage\":\"es\"},{\"@type\":\"ImageObject\",\"@id\":\"https:\/\/institutodym.es\/es\/mas-de-la-mitad-de-los-extremenos-esta-a-favor-de-ampliar-la-vida-util-de-la-central-nuclear-de-almaraz\/#primaryimage\",\"inLanguage\":\"es\",\"url\":\"https:\/\/institutodym.es\/wp-content\/uploads\/2026\/01\/693c0c08739706-86237633.webp\",\"contentUrl\":\"https:\/\/institutodym.es\/wp-content\/uploads\/2026\/01\/693c0c08739706-86237633.webp\",\"width\":1280,\"height\":720},{\"@type\":\"WebPage\",\"@id\":\"https:\/\/institutodym.es\/es\/mas-de-la-mitad-de-los-extremenos-esta-a-favor-de-ampliar-la-vida-util-de-la-central-nuclear-de-almaraz\/#webpage\",\"url\":\"https:\/\/institutodym.es\/es\/mas-de-la-mitad-de-los-extremenos-esta-a-favor-de-ampliar-la-vida-util-de-la-central-nuclear-de-almaraz\/\",\"name\":\"M\\u00e1s de la mitad de los extreme\\u00f1os est\\u00e1 a favor de ampliar la vida \\u00fatil de la central nuclear de Almaraz - DYM - Market Research\",\"isPartOf\":{\"@id\":\"https:\/\/institutodym.es\/#website\"},\"primaryImageOfPage\":{\"@id\":\"https:\/\/institutodym.es\/es\/mas-de-la-mitad-de-los-extremenos-esta-a-favor-de-ampliar-la-vida-util-de-la-central-nuclear-de-almaraz\/#primaryimage\"},\"datePublished\":\"2026-01-08T08:46:35+00:00\",\"dateModified\":\"2026-01-08T08:46:58+00:00\",\"author\":{\"@id\":\"https:\/\/institutodym.es\/#\/schema\/person\/80f28e4590287f340ad75a37b2509b8a\"},\"breadcrumb\":{\"@id\":\"https:\/\/institutodym.es\/es\/mas-de-la-mitad-de-los-extremenos-esta-a-favor-de-ampliar-la-vida-util-de-la-central-nuclear-de-almaraz\/#breadcrumb\"},\"inLanguage\":\"es\",\"potentialAction\":[{\"@type\":\"ReadAction\",\"target\":[\"https:\/\/institutodym.es\/es\/mas-de-la-mitad-de-los-extremenos-esta-a-favor-de-ampliar-la-vida-util-de-la-central-nuclear-de-almaraz\/\"]}]},{\"@type\":\"BreadcrumbList\",\"@id\":\"https:\/\/institutodym.es\/es\/mas-de-la-mitad-de-los-extremenos-esta-a-favor-de-ampliar-la-vida-util-de-la-central-nuclear-de-almaraz\/#breadcrumb\",\"itemListElement\":[{\"@type\":\"ListItem\",\"position\":1,\"name\":\"Portada\",\"item\":\"https:\/\/institutodym.es\/es\/\"},{\"@type\":\"ListItem\",\"position\":2,\"name\":\"M\\u00e1s de la mitad de los extreme\\u00f1os est\\u00e1 a favor de ampliar la vida \\u00fatil de la central nuclear de Almaraz\"}]},{\"@type\":\"Person\",\"@id\":\"https:\/\/institutodym.es\/#\/schema\/person\/80f28e4590287f340ad75a37b2509b8a\",\"name\":\"estefania\",\"image\":{\"@type\":\"ImageObject\",\"@id\":\"https:\/\/institutodym.es\/#personlogo\",\"inLanguage\":\"es\",\"url\":\"https:\/\/secure.gravatar.com\/avatar\/f61a5f1d4ed54db4b4439d8176a3ef1d?s=96&d=mm&r=g\",\"contentUrl\":\"https:\/\/secure.gravatar.com\/avatar\/f61a5f1d4ed54db4b4439d8176a3ef1d?s=96&d=mm&r=g\",\"caption\":\"estefania\"},\"url\":\"https:\/\/institutodym.es\/es\/author\/dym\/\"}]}<\/script>\n<!-- \/ Yoast SEO plugin. -->","yoast_head_json":{"robots":{"index":"index","follow":"follow","max-snippet":"max-snippet:-1","max-image-preview":"max-image-preview:large","max-video-preview":"max-video-preview:-1"},"canonical":"https:\/\/institutodym.es\/es\/mas-de-la-mitad-de-los-extremenos-esta-a-favor-de-ampliar-la-vida-util-de-la-central-nuclear-de-almaraz\/","og_locale":"es_ES","og_type":"article","og_title":"M\u00e1s de la mitad de los extreme\u00f1os est\u00e1 a favor de ampliar la vida \u00fatil de la central nuclear de Almaraz - DYM - Market Research","og_description":"La\u00a0mayor\u00eda de los extreme\u00f1os, un 55,7%, est\u00e1 a favor de que se ampl\u00ede la vida \u00fatil de la\u00a0central nuclear de Almaraz,\u00a0de la que en estos momentos\u00a0se est\u00e1 estudiando una pr\u00f3rroga\u00a0hasta 2030 para evitar que, en caso contrario, cierre sus dos reactores entre 2027 y 2028. Por otro lado,\u00a0una cuarta parte de los habitantes de Extremadura, [&hellip;]","og_url":"https:\/\/institutodym.es\/es\/mas-de-la-mitad-de-los-extremenos-esta-a-favor-de-ampliar-la-vida-util-de-la-central-nuclear-de-almaraz\/","og_site_name":"DYM - Market Research","article_published_time":"2026-01-08T08:46:35+00:00","article_modified_time":"2026-01-08T08:46:58+00:00","twitter_card":"summary_large_image","twitter_image":"https:\/\/institutodym.es\/wp-content\/uploads\/2026\/01\/693c0c08739706-86237633.webp","twitter_misc":{"Escrito por":"estefania","Tiempo de lectura":"4 minutos"},"schema":{"@context":"https:\/\/schema.org","@graph":[{"@type":"WebSite","@id":"https:\/\/institutodym.es\/#website","url":"https:\/\/institutodym.es\/","name":"DYM - Market Research","description":"","potentialAction":[{"@type":"SearchAction","target":{"@type":"EntryPoint","urlTemplate":"https:\/\/institutodym.es\/?s={search_term_string}"},"query-input":"required name=search_term_string"}],"inLanguage":"es"},{"@type":"ImageObject","@id":"https:\/\/institutodym.es\/es\/mas-de-la-mitad-de-los-extremenos-esta-a-favor-de-ampliar-la-vida-util-de-la-central-nuclear-de-almaraz\/#primaryimage","inLanguage":"es","url":"https:\/\/institutodym.es\/wp-content\/uploads\/2026\/01\/693c0c08739706-86237633.webp","contentUrl":"https:\/\/institutodym.es\/wp-content\/uploads\/2026\/01\/693c0c08739706-86237633.webp","width":1280,"height":720},{"@type":"WebPage","@id":"https:\/\/institutodym.es\/es\/mas-de-la-mitad-de-los-extremenos-esta-a-favor-de-ampliar-la-vida-util-de-la-central-nuclear-de-almaraz\/#webpage","url":"https:\/\/institutodym.es\/es\/mas-de-la-mitad-de-los-extremenos-esta-a-favor-de-ampliar-la-vida-util-de-la-central-nuclear-de-almaraz\/","name":"M\u00e1s de la mitad de los extreme\u00f1os est\u00e1 a favor de ampliar la vida \u00fatil de la central nuclear de Almaraz - DYM - Market Research","isPartOf":{"@id":"https:\/\/institutodym.es\/#website"},"primaryImageOfPage":{"@id":"https:\/\/institutodym.es\/es\/mas-de-la-mitad-de-los-extremenos-esta-a-favor-de-ampliar-la-vida-util-de-la-central-nuclear-de-almaraz\/#primaryimage"},"datePublished":"2026-01-08T08:46:35+00:00","dateModified":"2026-01-08T08:46:58+00:00","author":{"@id":"https:\/\/institutodym.es\/#\/schema\/person\/80f28e4590287f340ad75a37b2509b8a"},"breadcrumb":{"@id":"https:\/\/institutodym.es\/es\/mas-de-la-mitad-de-los-extremenos-esta-a-favor-de-ampliar-la-vida-util-de-la-central-nuclear-de-almaraz\/#breadcrumb"},"inLanguage":"es","potentialAction":[{"@type":"ReadAction","target":["https:\/\/institutodym.es\/es\/mas-de-la-mitad-de-los-extremenos-esta-a-favor-de-ampliar-la-vida-util-de-la-central-nuclear-de-almaraz\/"]}]},{"@type":"BreadcrumbList","@id":"https:\/\/institutodym.es\/es\/mas-de-la-mitad-de-los-extremenos-esta-a-favor-de-ampliar-la-vida-util-de-la-central-nuclear-de-almaraz\/#breadcrumb","itemListElement":[{"@type":"ListItem","position":1,"name":"Portada","item":"https:\/\/institutodym.es\/es\/"},{"@type":"ListItem","position":2,"name":"M\u00e1s de la mitad de los extreme\u00f1os est\u00e1 a favor de ampliar la vida \u00fatil de la central nuclear de Almaraz"}]},{"@type":"Person","@id":"https:\/\/institutodym.es\/#\/schema\/person\/80f28e4590287f340ad75a37b2509b8a","name":"estefania","image":{"@type":"ImageObject","@id":"https:\/\/institutodym.es\/#personlogo","inLanguage":"es","url":"https:\/\/secure.gravatar.com\/avatar\/f61a5f1d4ed54db4b4439d8176a3ef1d?s=96&d=mm&r=g","contentUrl":"https:\/\/secure.gravatar.com\/avatar\/f61a5f1d4ed54db4b4439d8176a3ef1d?s=96&d=mm&r=g","caption":"estefania"},"url":"https:\/\/institutodym.es\/es\/author\/dym\/"}]}},"_links":{"self":[{"href":"https:\/\/institutodym.es\/es\/wp-json\/wp\/v2\/posts\/3814"}],"collection":[{"href":"https:\/\/institutodym.es\/es\/wp-json\/wp\/v2\/posts"}],"about":[{"href":"https:\/\/institutodym.es\/es\/wp-json\/wp\/v2\/types\/post"}],"author":[{"embeddable":true,"href":"https:\/\/institutodym.es\/es\/wp-json\/wp\/v2\/users\/2"}],"replies":[{"embeddable":true,"href":"https:\/\/institutodym.es\/es\/wp-json\/wp\/v2\/comments?post=3814"}],"version-history":[{"count":1,"href":"https:\/\/institutodym.es\/es\/wp-json\/wp\/v2\/posts\/3814\/revisions"}],"predecessor-version":[{"id":3821,"href":"https:\/\/institutodym.es\/es\/wp-json\/wp\/v2\/posts\/3814\/revisions\/3821"}],"wp:featuredmedia":[{"embeddable":true,"href":"https:\/\/institutodym.es\/es\/wp-json\/wp\/v2\/media\/3815"}],"wp:attachment":[{"href":"https:\/\/institutodym.es\/es\/wp-json\/wp\/v2\/media?parent=3814"}],"wp:term":[{"taxonomy":"category","embeddable":true,"href":"https:\/\/institutodym.es\/es\/wp-json\/wp\/v2\/categories?post=3814"},{"taxonomy":"post_tag","embeddable":true,"href":"https:\/\/institutodym.es\/es\/wp-json\/wp\/v2\/tags?post=3814"}],"curies":[{"name":"wp","href":"https:\/\/api.w.org\/{rel}","templated":true}]}}